{"id":439,"name":"Lucia Br\u00fccklmayr","url":"","description":"Familie \u2013 was ist das eigentlich? Die Menschen, mit denen wir unser Zuhause teilen, die, auf die wir uns verlassen k\u00f6nnen? W\u00e4hrend f\u00fcr Lea Familie schon lange nicht mehr Blut ist, sagt Gisela Kurath: Familie ist nicht k\u00fcndbar. Warum rei\u00dft dann in manchen Familien der Kontakt zueinander ab? Lea liebt doch ihre Mutter. Susanne liebt ihre Tochter. Und doch haben sie sich von ihren Familienmitgliedern entfernt, entfremdet. Ich habe f\u00fcr meine Recherche mit unterschiedlichen Menschen gesprochen, ihre pers\u00f6nlichen Geschichten geh\u00f6rt und gelesen. Mich hat \u00fcberrascht, wie unfassbar viele Menschen von einem Kontaktabbruch in der Familie betroffen sind und wie tief der Schmerz auch nach vielen Jahren noch sitzt. Ich bewundere Lea und Susanne f\u00fcr ihren reflektierten Umgang damit, f\u00fcr ihre Gespr\u00e4chsbereitschaft, ihr Verst\u00e4ndnis und ihre Akzeptanz - auch dann, wenn es (erst mal) nicht weitergeht.","link":"https:\/\/wp.zim.uni-passau.de\/unnahbar\/author\/brueck22\/","slug":"brueck22","avatar_urls":{"24":"https:\/\/secure.gravatar.com\/avatar\/b7d7bd60277c4d00eff4453bdaf861598ceb0a0ced0abc21c7a45b8beb096aba?s=24&d=mm&r=g","48":"https:\/\/secure.gravatar.com\/avatar\/b7d7bd60277c4d00eff4453bdaf861598ceb0a0ced0abc21c7a45b8beb096aba?s=48&d=mm&r=g","96":"https:\/\/secure.gravatar.com\/avatar\/b7d7bd60277c4d00eff4453bdaf861598ceb0a0ced0abc21c7a45b8beb096aba?s=96&d=mm&r=g","128":"https:\/\/secure.gravatar.com\/avatar\/b7d7bd60277c4d00eff4453bdaf861598ceb0a0ced0abc21c7a45b8beb096aba?s=128&d=mm&r=g"},"meta":[],"simple_local_avatar":{"media_id":1162,"full":"https:\/\/wp.zim.uni-passau.de\/unnahbar\/wp-content\/uploads\/sites\/8\/2021\/07\/Lucia-Bruecklmayr.png","192":"https:\/\/wp.zim.uni-passau.de\/unnahbar\/wp-content\/uploads\/sites\/8\/2021\/07\/Lucia-Bruecklmayr-192x192.png","96":"https:\/\/wp.zim.uni-passau.de\/unnahbar\/wp-content\/uploads\/sites\/8\/2021\/07\/Lucia-Bruecklmayr-96x96.png","18":"https:\/\/wp.zim.uni-passau.de\/unnahbar\/wp-content\/uploads\/sites\/8\/2021\/07\/Lucia-Bruecklmayr-18x18.png","36":"https:\/\/wp.zim.uni-passau.de\/unnahbar\/wp-content\/uploads\/sites\/8\/2021\/07\/Lucia-Bruecklmayr-36x36.png","128":"https:\/\/wp.zim.uni-passau.de\/unnahbar\/wp-content\/uploads\/sites\/8\/2021\/07\/Lucia-Bruecklmayr-128x128.png","64":"https:\/\/wp.zim.uni-passau.de\/unnahbar\/wp-content\/uploads\/sites\/8\/2021\/07\/Lucia-Bruecklmayr-64x64.png","52":"https:\/\/wp.zim.uni-passau.de\/unnahbar\/wp-content\/uploads\/sites\/8\/2021\/07\/Lucia-Bruecklmayr-52x52.png","26":"https:\/\/wp.zim.uni-passau.de\/unnahbar\/wp-content\/uploads\/sites\/8\/2021\/07\/Lucia-Bruecklmayr-26x26.png","32":"https:\/\/wp.zim.uni-passau.de\/unnahbar\/wp-content\/uploads\/sites\/8\/2021\/07\/Lucia-Bruecklmayr-32x32.png","80":"https:\/\/wp.zim.uni-passau.de\/unnahbar\/wp-content\/uploads\/sites\/8\/2021\/07\/Lucia-Bruecklmayr-80x80.png","40":"https:\/\/wp.zim.uni-passau.de\/unnahbar\/wp-content\/uploads\/sites\/8\/2021\/07\/Lucia-Bruecklmayr-40x40.png","240":"https:\/\/wp.zim.uni-passau.de\/unnahbar\/wp-content\/uploads\/sites\/8\/2021\/07\/Lucia-Bruecklmayr-240x240.png","120":"https:\/\/wp.zim.uni-passau.de\/unnahbar\/wp-content\/uploads\/sites\/8\/2021\/07\/Lucia-Bruecklmayr-120x120.png"},"acf":[],"_links":{"self":[{"href":"https:\/\/wp.zim.uni-passau.de\/unnahbar\/wp-json\/wp\/v2\/users\/439","targetHints":{"allow":["GET"]}}],"collection":[{"href":"https:\/\/wp.zim.uni-passau.de\/unnahbar\/wp-json\/wp\/v2\/users"}]}}