{"id":438,"name":"Lena Hildebrand","url":"","description":"Was macht Menschen zu dem, was sie sind? Und warum sind wir so unterschiedlich? Psychologische Fragen interessieren mich schon seit ich denken kann. Als ich gelesen habe, wie individuell auch unsere pers\u00f6nliche Distanzzone ist, war ich fasziniert - und wollte wissen, wie sich das auf die Wahrnehmung der Corona-Pandemie auswirkt. Durch die Gespr\u00e4che mit Wissenschaftlern und Autist:innen habe ich gelernt, welches Gehirnareal daf\u00fcr sorgt, dass wir uns f\u00fcrchten, dass es H\u00fchner gibt, die Schoko-Eier legen und, dass die Corona-Distanz nicht immer Entbehrung, sondern f\u00fcr manche auch mehr Lebensqualit\u00e4t bedeutet.","link":"https:\/\/wp.zim.uni-passau.de\/unnahbar\/author\/hildeb21\/","slug":"hildeb21","avatar_urls":{"24":"https:\/\/secure.gravatar.com\/avatar\/4efaef8e372593612bfbe73cc0e593005cd9c2e1d08ef9d76d7ecbc60bff853e?s=24&d=mm&r=g","48":"https:\/\/secure.gravatar.com\/avatar\/4efaef8e372593612bfbe73cc0e593005cd9c2e1d08ef9d76d7ecbc60bff853e?s=48&d=mm&r=g","96":"https:\/\/secure.gravatar.com\/avatar\/4efaef8e372593612bfbe73cc0e593005cd9c2e1d08ef9d76d7ecbc60bff853e?s=96&d=mm&r=g","128":"https:\/\/secure.gravatar.com\/avatar\/4efaef8e372593612bfbe73cc0e593005cd9c2e1d08ef9d76d7ecbc60bff853e?s=128&d=mm&r=g"},"meta":[],"simple_local_avatar":{"media_id":1159,"full":"https:\/\/wp.zim.uni-passau.de\/unnahbar\/wp-content\/uploads\/sites\/8\/2021\/07\/Lena-Hildebrand.png","192":"https:\/\/wp.zim.uni-passau.de\/unnahbar\/wp-content\/uploads\/sites\/8\/2021\/07\/Lena-Hildebrand-192x192.png","96":"https:\/\/wp.zim.uni-passau.de\/unnahbar\/wp-content\/uploads\/sites\/8\/2021\/07\/Lena-Hildebrand-96x96.png","36":"https:\/\/wp.zim.uni-passau.de\/unnahbar\/wp-content\/uploads\/sites\/8\/2021\/07\/Lena-Hildebrand-36x36.png","18":"https:\/\/wp.zim.uni-passau.de\/unnahbar\/wp-content\/uploads\/sites\/8\/2021\/07\/Lena-Hildebrand-18x18.png","80":"https:\/\/wp.zim.uni-passau.de\/unnahbar\/wp-content\/uploads\/sites\/8\/2021\/07\/Lena-Hildebrand-80x80.png","40":"https:\/\/wp.zim.uni-passau.de\/unnahbar\/wp-content\/uploads\/sites\/8\/2021\/07\/Lena-Hildebrand-40x40.png","240":"https:\/\/wp.zim.uni-passau.de\/unnahbar\/wp-content\/uploads\/sites\/8\/2021\/07\/Lena-Hildebrand-240x240.png","120":"https:\/\/wp.zim.uni-passau.de\/unnahbar\/wp-content\/uploads\/sites\/8\/2021\/07\/Lena-Hildebrand-120x120.png","128":"https:\/\/wp.zim.uni-passau.de\/unnahbar\/wp-content\/uploads\/sites\/8\/2021\/07\/Lena-Hildebrand-128x128.png","64":"https:\/\/wp.zim.uni-passau.de\/unnahbar\/wp-content\/uploads\/sites\/8\/2021\/07\/Lena-Hildebrand-64x64.png","52":"https:\/\/wp.zim.uni-passau.de\/unnahbar\/wp-content\/uploads\/sites\/8\/2021\/07\/Lena-Hildebrand-52x52.png","26":"https:\/\/wp.zim.uni-passau.de\/unnahbar\/wp-content\/uploads\/sites\/8\/2021\/07\/Lena-Hildebrand-26x26.png","32":"https:\/\/wp.zim.uni-passau.de\/unnahbar\/wp-content\/uploads\/sites\/8\/2021\/07\/Lena-Hildebrand-32x32.png"},"acf":[],"_links":{"self":[{"href":"https:\/\/wp.zim.uni-passau.de\/unnahbar\/wp-json\/wp\/v2\/users\/438","targetHints":{"allow":["GET"]}}],"collection":[{"href":"https:\/\/wp.zim.uni-passau.de\/unnahbar\/wp-json\/wp\/v2\/users"}]}}