{"id":434,"name":"Valerie M\u00fcller","url":"","description":"Als ich 12, 13 Jahre alt war, zu Beginn meiner Pubert\u00e4t, als ich mich fremd in mir selbst f\u00fchlte, hatte ich den Gedanken, wie sch\u00f6n es doch w\u00e4re, wenn man nicht nur allein im eigenen Kopf leben, sondern diesen mit anderen Pers\u00f6nlichkeiten teilen k\u00f6nnte. Ich fand diese Idee des Beisammen-Seins sehr sch\u00f6n, naiv wie ich damals war. Ein zwei Jahre sp\u00e4ter stie\u00df ich auf einen Bericht einer Person mit einer dissoziativen Identit\u00e4tsst\u00f6rung, damals noch bekannt als Multiple Pers\u00f6nlichkeitsst\u00f6rung. Meine kindliche Naivit\u00e4t schlug in ein neugieriges Interesse an der Thematik um und ich erkannte, dass bei meinen fr\u00fcheren Gedanken nicht unbedingt etwas Sch\u00f6nes dran war.. Und der Aspekt, dass immer mehr Menschen in meinem direkten Umfeld mit psychischen Krankheiten und Belastungen zu tun haben, veranlasste mich letzten endes dazu, den Bereich der Dissoziation aus journalistischer Perspektive aufzugreifen. \r\nWas ich dabei lernte, war vor allem eins: So h\u00e4ufig psychische Erkrankungen in unserer Gesellschaft vorhanden sind, so wenig werden sie leider \u00f6ffentlich akzeptiert und mit aller Ernsthaftigkeit behandelt.","link":"https:\/\/wp.zim.uni-passau.de\/unnahbar\/author\/muell447\/","slug":"muell447","avatar_urls":{"24":"https:\/\/secure.gravatar.com\/avatar\/ceb99d1a0731672930af7247578e57901f727760b616153e06bd8bc91bac73d9?s=24&d=mm&r=g","48":"https:\/\/secure.gravatar.com\/avatar\/ceb99d1a0731672930af7247578e57901f727760b616153e06bd8bc91bac73d9?s=48&d=mm&r=g","96":"https:\/\/secure.gravatar.com\/avatar\/ceb99d1a0731672930af7247578e57901f727760b616153e06bd8bc91bac73d9?s=96&d=mm&r=g","128":"https:\/\/secure.gravatar.com\/avatar\/ceb99d1a0731672930af7247578e57901f727760b616153e06bd8bc91bac73d9?s=128&d=mm&r=g"},"meta":[],"simple_local_avatar":{"media_id":1142,"full":"https:\/\/wp.zim.uni-passau.de\/unnahbar\/wp-content\/uploads\/sites\/8\/2021\/07\/Valerie-Mueller.png","192":"https:\/\/wp.zim.uni-passau.de\/unnahbar\/wp-content\/uploads\/sites\/8\/2021\/07\/Valerie-Mueller-192x192.png","96":"https:\/\/wp.zim.uni-passau.de\/unnahbar\/wp-content\/uploads\/sites\/8\/2021\/07\/Valerie-Mueller-96x96.png","128":"https:\/\/wp.zim.uni-passau.de\/unnahbar\/wp-content\/uploads\/sites\/8\/2021\/07\/Valerie-Mueller-128x128.png","64":"https:\/\/wp.zim.uni-passau.de\/unnahbar\/wp-content\/uploads\/sites\/8\/2021\/07\/Valerie-Mueller-64x64.png","52":"https:\/\/wp.zim.uni-passau.de\/unnahbar\/wp-content\/uploads\/sites\/8\/2021\/07\/Valerie-Mueller-52x52.png","26":"https:\/\/wp.zim.uni-passau.de\/unnahbar\/wp-content\/uploads\/sites\/8\/2021\/07\/Valerie-Mueller-26x26.png","80":"https:\/\/wp.zim.uni-passau.de\/unnahbar\/wp-content\/uploads\/sites\/8\/2021\/07\/Valerie-Mueller-80x80.png","40":"https:\/\/wp.zim.uni-passau.de\/unnahbar\/wp-content\/uploads\/sites\/8\/2021\/07\/Valerie-Mueller-40x40.png","240":"https:\/\/wp.zim.uni-passau.de\/unnahbar\/wp-content\/uploads\/sites\/8\/2021\/07\/Valerie-Mueller-240x240.png","120":"https:\/\/wp.zim.uni-passau.de\/unnahbar\/wp-content\/uploads\/sites\/8\/2021\/07\/Valerie-Mueller-120x120.png","36":"https:\/\/wp.zim.uni-passau.de\/unnahbar\/wp-content\/uploads\/sites\/8\/2021\/07\/Valerie-Mueller-36x36.png","18":"https:\/\/wp.zim.uni-passau.de\/unnahbar\/wp-content\/uploads\/sites\/8\/2021\/07\/Valerie-Mueller-18x18.png","32":"https:\/\/wp.zim.uni-passau.de\/unnahbar\/wp-content\/uploads\/sites\/8\/2021\/07\/Valerie-Mueller-32x32.png"},"acf":[],"_links":{"self":[{"href":"https:\/\/wp.zim.uni-passau.de\/unnahbar\/wp-json\/wp\/v2\/users\/434","targetHints":{"allow":["GET"]}}],"collection":[{"href":"https:\/\/wp.zim.uni-passau.de\/unnahbar\/wp-json\/wp\/v2\/users"}]}}