{"id":433,"name":"Tamina Friedl","url":"","description":"\u00dcber den Tod spreche ich selten. Das liegt nicht unbedingt daran, dass mir der Gedanke an meine eigene Sterblichkeit Angst macht. Mit meinen 21 Jahren f\u00fchlt sich f\u00fcr mich das Lebensende einfach meistens ganz weit entfernt an. Die Menschen, die in einem Krematorium arbeiten, werden hingegen t\u00e4glich mit Tod konfrontiert. Sie \u00fcben ihren Beruf an einem Ort aus, der mir vor meiner Recherche vollkommen fremd war. Ich konnte mir weder vorstellen, wie es sich anf\u00fchlt, dort zu arbeiten, noch wie es sich f\u00fcr mich als Au\u00dfenstehende anf\u00fchlen w\u00fcrde, \u00fcberhaupt nur dort zu sein. Im Nachhinein hat mich mein Besuch im Krematorium in jeder Hinsicht beeindruckt. Nicht nur habe ich einen Berufszweig kennengelernt, der gemessen an seiner Wichtigkeit f\u00fcr die Gesellschaft zu wenig Aufmerksamkeit erh\u00e4lt. Ich wurde vor allen Dingen - im positiven Sinne - dazu gezwungen, mich mehr mit dem Tod auseinanderzusetzen, als ich es je getan habe.","link":"https:\/\/wp.zim.uni-passau.de\/unnahbar\/author\/friedl37\/","slug":"friedl37","avatar_urls":{"24":"https:\/\/secure.gravatar.com\/avatar\/51f28390153550cb4dfef03429e9df800820c2c43ad6eedfedebe2e87d572554?s=24&d=mm&r=g","48":"https:\/\/secure.gravatar.com\/avatar\/51f28390153550cb4dfef03429e9df800820c2c43ad6eedfedebe2e87d572554?s=48&d=mm&r=g","96":"https:\/\/secure.gravatar.com\/avatar\/51f28390153550cb4dfef03429e9df800820c2c43ad6eedfedebe2e87d572554?s=96&d=mm&r=g","128":"https:\/\/secure.gravatar.com\/avatar\/51f28390153550cb4dfef03429e9df800820c2c43ad6eedfedebe2e87d572554?s=128&d=mm&r=g"},"meta":[],"simple_local_avatar":{"media_id":1141,"full":"https:\/\/wp.zim.uni-passau.de\/unnahbar\/wp-content\/uploads\/sites\/8\/2021\/07\/Tami2-e1626357702454.png","192":"https:\/\/wp.zim.uni-passau.de\/unnahbar\/wp-content\/uploads\/sites\/8\/2021\/07\/Tami2-e1626357702454-192x192.png","96":"https:\/\/wp.zim.uni-passau.de\/unnahbar\/wp-content\/uploads\/sites\/8\/2021\/07\/Tami2-e1626357702454-96x96.png","128":"https:\/\/wp.zim.uni-passau.de\/unnahbar\/wp-content\/uploads\/sites\/8\/2021\/07\/Tami2-e1626357702454-128x128.png","64":"https:\/\/wp.zim.uni-passau.de\/unnahbar\/wp-content\/uploads\/sites\/8\/2021\/07\/Tami2-e1626357702454-64x64.png","52":"https:\/\/wp.zim.uni-passau.de\/unnahbar\/wp-content\/uploads\/sites\/8\/2021\/07\/Tami2-e1626357702454-52x52.png","26":"https:\/\/wp.zim.uni-passau.de\/unnahbar\/wp-content\/uploads\/sites\/8\/2021\/07\/Tami2-e1626357702454-26x26.png","80":"https:\/\/wp.zim.uni-passau.de\/unnahbar\/wp-content\/uploads\/sites\/8\/2021\/07\/Tami2-e1626357702454-80x80.png","40":"https:\/\/wp.zim.uni-passau.de\/unnahbar\/wp-content\/uploads\/sites\/8\/2021\/07\/Tami2-e1626357702454-40x40.png","240":"https:\/\/wp.zim.uni-passau.de\/unnahbar\/wp-content\/uploads\/sites\/8\/2021\/07\/Tami2-e1626357702454-240x240.png","120":"https:\/\/wp.zim.uni-passau.de\/unnahbar\/wp-content\/uploads\/sites\/8\/2021\/07\/Tami2-e1626357702454-120x120.png","36":"https:\/\/wp.zim.uni-passau.de\/unnahbar\/wp-content\/uploads\/sites\/8\/2021\/07\/Tami2-e1626357702454-36x36.png","18":"https:\/\/wp.zim.uni-passau.de\/unnahbar\/wp-content\/uploads\/sites\/8\/2021\/07\/Tami2-e1626357702454-18x18.png","32":"https:\/\/wp.zim.uni-passau.de\/unnahbar\/wp-content\/uploads\/sites\/8\/2021\/07\/Tami2-e1626357702454-32x32.png"},"acf":[],"_links":{"self":[{"href":"https:\/\/wp.zim.uni-passau.de\/unnahbar\/wp-json\/wp\/v2\/users\/433","targetHints":{"allow":["GET"]}}],"collection":[{"href":"https:\/\/wp.zim.uni-passau.de\/unnahbar\/wp-json\/wp\/v2\/users"}]}}