{"id":431,"name":"Sarah Koschinski","url":"","description":"Dadurch, dass meine Tante als Pflegekraft auf einer Demenzstation t\u00e4tig ist, habe ich bereits vor Beginn meiner Recherche zum Thema \u201cProfessionelle N\u00e4he und Distanz in der Pflege\u201d einiges \u00fcber diesen Beruf erfahren. Damals dachte ich noch, die gr\u00f6\u00dfte Schwierigkeit bei dieser Arbeit best\u00fcnde darin, die Patienten waschen zu m\u00fcssen. W\u00e4hrend meiner Interviews und Recherche habe ich allerdings erfahren, dass die psychische N\u00e4he viel schwerer zu bew\u00e4ltigen ist als die physische. Abgesehen davon ist mir zum ersten Mal richtig bewusst geworden, wie viel Pflegekr\u00e4fte tagt\u00e4glich leisten, was man als Au\u00dfenstehender gar nicht sieht und dass dieser Beruf nicht nur Arbeit mit anderen, sondern auch mit sich selbst bedeutet.","link":"https:\/\/wp.zim.uni-passau.de\/unnahbar\/author\/koschi03\/","slug":"koschi03","avatar_urls":{"24":"https:\/\/secure.gravatar.com\/avatar\/b6df69984bf7272a60cffecca4d2ced74fe4ded3ca63629a9c4f0ebf4d0a1158?s=24&d=mm&r=g","48":"https:\/\/secure.gravatar.com\/avatar\/b6df69984bf7272a60cffecca4d2ced74fe4ded3ca63629a9c4f0ebf4d0a1158?s=48&d=mm&r=g","96":"https:\/\/secure.gravatar.com\/avatar\/b6df69984bf7272a60cffecca4d2ced74fe4ded3ca63629a9c4f0ebf4d0a1158?s=96&d=mm&r=g","128":"https:\/\/secure.gravatar.com\/avatar\/b6df69984bf7272a60cffecca4d2ced74fe4ded3ca63629a9c4f0ebf4d0a1158?s=128&d=mm&r=g"},"meta":[],"simple_local_avatar":{"media_id":1138,"full":"https:\/\/wp.zim.uni-passau.de\/unnahbar\/wp-content\/uploads\/sites\/8\/2021\/07\/Sarah-Koschinski.png","192":"https:\/\/wp.zim.uni-passau.de\/unnahbar\/wp-content\/uploads\/sites\/8\/2021\/07\/Sarah-Koschinski-192x192.png","96":"https:\/\/wp.zim.uni-passau.de\/unnahbar\/wp-content\/uploads\/sites\/8\/2021\/07\/Sarah-Koschinski-96x96.png","128":"https:\/\/wp.zim.uni-passau.de\/unnahbar\/wp-content\/uploads\/sites\/8\/2021\/07\/Sarah-Koschinski-128x128.png","64":"https:\/\/wp.zim.uni-passau.de\/unnahbar\/wp-content\/uploads\/sites\/8\/2021\/07\/Sarah-Koschinski-64x64.png","52":"https:\/\/wp.zim.uni-passau.de\/unnahbar\/wp-content\/uploads\/sites\/8\/2021\/07\/Sarah-Koschinski-52x52.png","26":"https:\/\/wp.zim.uni-passau.de\/unnahbar\/wp-content\/uploads\/sites\/8\/2021\/07\/Sarah-Koschinski-26x26.png","18":"https:\/\/wp.zim.uni-passau.de\/unnahbar\/wp-content\/uploads\/sites\/8\/2021\/07\/Sarah-Koschinski-18x18.png","36":"https:\/\/wp.zim.uni-passau.de\/unnahbar\/wp-content\/uploads\/sites\/8\/2021\/07\/Sarah-Koschinski-36x36.png","80":"https:\/\/wp.zim.uni-passau.de\/unnahbar\/wp-content\/uploads\/sites\/8\/2021\/07\/Sarah-Koschinski-80x80.png","40":"https:\/\/wp.zim.uni-passau.de\/unnahbar\/wp-content\/uploads\/sites\/8\/2021\/07\/Sarah-Koschinski-40x40.png","240":"https:\/\/wp.zim.uni-passau.de\/unnahbar\/wp-content\/uploads\/sites\/8\/2021\/07\/Sarah-Koschinski-240x240.png","120":"https:\/\/wp.zim.uni-passau.de\/unnahbar\/wp-content\/uploads\/sites\/8\/2021\/07\/Sarah-Koschinski-120x120.png","32":"https:\/\/wp.zim.uni-passau.de\/unnahbar\/wp-content\/uploads\/sites\/8\/2021\/07\/Sarah-Koschinski-32x32.png"},"acf":[],"_links":{"self":[{"href":"https:\/\/wp.zim.uni-passau.de\/unnahbar\/wp-json\/wp\/v2\/users\/431","targetHints":{"allow":["GET"]}}],"collection":[{"href":"https:\/\/wp.zim.uni-passau.de\/unnahbar\/wp-json\/wp\/v2\/users"}]}}