{"id":426,"name":"Kira Britten","url":"","description":"Ich bin ein gro\u00dfer Fan von Kitsch. Mein Lieblingsroman erz\u00e4hlt die romantische Geschichte von Noah, der die Erinnerungen seiner demenziell erkrankten Frau Allie zur\u00fcckgewinnen will. Jeden Tag liest Noah ihr die gemeinsame Liebesgeschichte vor: Allie erkennt ihn wieder und sie k\u00fcssen sich. Allie schreit nach Hilfe, denn sie h\u00e4lt Noah f\u00fcr einen Fremden. Was bleibt, wenn alles vergessen ist? Dieser Frage wollte ich nachsp\u00fcren. Ich liebe Themen, die nahe gehen. Bei meiner Recherche bin ich selbst an pers\u00f6nliche Grenzen gesto\u00dfen. Professionalit\u00e4t und (journalistische) Distanz zu wahren, war gar nicht so leicht.","link":"https:\/\/wp.zim.uni-passau.de\/unnahbar\/author\/britte01\/","slug":"britte01","avatar_urls":{"24":"https:\/\/secure.gravatar.com\/avatar\/8970e255deb38a20555d55ac0d11eff82bfd6b08102df68ae9c51d5e923f3cfe?s=24&d=mm&r=g","48":"https:\/\/secure.gravatar.com\/avatar\/8970e255deb38a20555d55ac0d11eff82bfd6b08102df68ae9c51d5e923f3cfe?s=48&d=mm&r=g","96":"https:\/\/secure.gravatar.com\/avatar\/8970e255deb38a20555d55ac0d11eff82bfd6b08102df68ae9c51d5e923f3cfe?s=96&d=mm&r=g","128":"https:\/\/secure.gravatar.com\/avatar\/8970e255deb38a20555d55ac0d11eff82bfd6b08102df68ae9c51d5e923f3cfe?s=128&d=mm&r=g"},"meta":[],"simple_local_avatar":{"media_id":1157,"full":"https:\/\/wp.zim.uni-passau.de\/unnahbar\/wp-content\/uploads\/sites\/8\/2021\/07\/Kira-Britten-e1626362127397.png","192":"https:\/\/wp.zim.uni-passau.de\/unnahbar\/wp-content\/uploads\/sites\/8\/2021\/07\/Kira-Britten-e1626362127397-192x192.png","96":"https:\/\/wp.zim.uni-passau.de\/unnahbar\/wp-content\/uploads\/sites\/8\/2021\/07\/Kira-Britten-e1626362127397-96x96.png","128":"https:\/\/wp.zim.uni-passau.de\/unnahbar\/wp-content\/uploads\/sites\/8\/2021\/07\/Kira-Britten-e1626362127397-128x128.png","64":"https:\/\/wp.zim.uni-passau.de\/unnahbar\/wp-content\/uploads\/sites\/8\/2021\/07\/Kira-Britten-e1626362127397-64x64.png","52":"https:\/\/wp.zim.uni-passau.de\/unnahbar\/wp-content\/uploads\/sites\/8\/2021\/07\/Kira-Britten-e1626362127397-52x52.png","26":"https:\/\/wp.zim.uni-passau.de\/unnahbar\/wp-content\/uploads\/sites\/8\/2021\/07\/Kira-Britten-e1626362127397-26x26.png","36":"https:\/\/wp.zim.uni-passau.de\/unnahbar\/wp-content\/uploads\/sites\/8\/2021\/07\/Kira-Britten-e1626362127397-36x36.png","18":"https:\/\/wp.zim.uni-passau.de\/unnahbar\/wp-content\/uploads\/sites\/8\/2021\/07\/Kira-Britten-e1626362127397-18x18.png","80":"https:\/\/wp.zim.uni-passau.de\/unnahbar\/wp-content\/uploads\/sites\/8\/2021\/07\/Kira-Britten-e1626362127397-80x80.png","40":"https:\/\/wp.zim.uni-passau.de\/unnahbar\/wp-content\/uploads\/sites\/8\/2021\/07\/Kira-Britten-e1626362127397-40x40.png","240":"https:\/\/wp.zim.uni-passau.de\/unnahbar\/wp-content\/uploads\/sites\/8\/2021\/07\/Kira-Britten-e1626362127397-240x240.png","120":"https:\/\/wp.zim.uni-passau.de\/unnahbar\/wp-content\/uploads\/sites\/8\/2021\/07\/Kira-Britten-e1626362127397-120x120.png","32":"https:\/\/wp.zim.uni-passau.de\/unnahbar\/wp-content\/uploads\/sites\/8\/2021\/07\/Kira-Britten-e1626362127397-32x32.png"},"acf":[],"_links":{"self":[{"href":"https:\/\/wp.zim.uni-passau.de\/unnahbar\/wp-json\/wp\/v2\/users\/426","targetHints":{"allow":["GET"]}}],"collection":[{"href":"https:\/\/wp.zim.uni-passau.de\/unnahbar\/wp-json\/wp\/v2\/users"}]}}