{"id":424,"name":"Lena Langecker","url":"","description":"Es ist okay nicht okay zu sein. Ein Satz, der mir in letzter Zeit immer \u00f6fter begegnet ist. Aber ist es wirklich so einfach? Ich bin also nicht okay, aber das ist okay \u2013 und jetzt? Ich selbst bin ein totaler Kopf-Mensch, wie man vermutlich jetzt schon merkt. Sich mit der eigenen Psyche zu besch\u00e4ftigen, finde ich ebenso wichtig wie spannend. Achtsamkeit ist da ja auch so ein Stichwort. Selbst wenn der Zustand des Nicht-Okay-Seins jetzt immer mehr okay wird, warum bin ich denn \u00fcberhaupt nicht-okay? Und wie gehe ich damit um? Bei meiner Recherche durfte ich interessante Pers\u00f6nlichkeiten kennenlernen, die mit unterschiedlichen Hintergr\u00fcnden \u00fcber psychische Gesundheit aufkl\u00e4ren und sich f\u00fcr die Entstigmatisierung psychischer Erkrankungen einsetzen.","link":"https:\/\/wp.zim.uni-passau.de\/unnahbar\/author\/langec01\/","slug":"langec01","avatar_urls":{"24":"https:\/\/secure.gravatar.com\/avatar\/3a4e3b55926278166ccca210adc6d8eac312beb0cfeb4bb6dea19b9902632a0a?s=24&d=mm&r=g","48":"https:\/\/secure.gravatar.com\/avatar\/3a4e3b55926278166ccca210adc6d8eac312beb0cfeb4bb6dea19b9902632a0a?s=48&d=mm&r=g","96":"https:\/\/secure.gravatar.com\/avatar\/3a4e3b55926278166ccca210adc6d8eac312beb0cfeb4bb6dea19b9902632a0a?s=96&d=mm&r=g","128":"https:\/\/secure.gravatar.com\/avatar\/3a4e3b55926278166ccca210adc6d8eac312beb0cfeb4bb6dea19b9902632a0a?s=128&d=mm&r=g"},"meta":[],"simple_local_avatar":{"media_id":1161,"full":"https:\/\/wp.zim.uni-passau.de\/unnahbar\/wp-content\/uploads\/sites\/8\/2021\/07\/Lena-Langecker.png","192":"https:\/\/wp.zim.uni-passau.de\/unnahbar\/wp-content\/uploads\/sites\/8\/2021\/07\/Lena-Langecker-192x192.png","96":"https:\/\/wp.zim.uni-passau.de\/unnahbar\/wp-content\/uploads\/sites\/8\/2021\/07\/Lena-Langecker-96x96.png","128":"https:\/\/wp.zim.uni-passau.de\/unnahbar\/wp-content\/uploads\/sites\/8\/2021\/07\/Lena-Langecker-128x128.png","64":"https:\/\/wp.zim.uni-passau.de\/unnahbar\/wp-content\/uploads\/sites\/8\/2021\/07\/Lena-Langecker-64x64.png","52":"https:\/\/wp.zim.uni-passau.de\/unnahbar\/wp-content\/uploads\/sites\/8\/2021\/07\/Lena-Langecker-52x52.png","26":"https:\/\/wp.zim.uni-passau.de\/unnahbar\/wp-content\/uploads\/sites\/8\/2021\/07\/Lena-Langecker-26x26.png","80":"https:\/\/wp.zim.uni-passau.de\/unnahbar\/wp-content\/uploads\/sites\/8\/2021\/07\/Lena-Langecker-80x80.png","40":"https:\/\/wp.zim.uni-passau.de\/unnahbar\/wp-content\/uploads\/sites\/8\/2021\/07\/Lena-Langecker-40x40.png","240":"https:\/\/wp.zim.uni-passau.de\/unnahbar\/wp-content\/uploads\/sites\/8\/2021\/07\/Lena-Langecker-240x240.png","120":"https:\/\/wp.zim.uni-passau.de\/unnahbar\/wp-content\/uploads\/sites\/8\/2021\/07\/Lena-Langecker-120x120.png","36":"https:\/\/wp.zim.uni-passau.de\/unnahbar\/wp-content\/uploads\/sites\/8\/2021\/07\/Lena-Langecker-36x36.png","18":"https:\/\/wp.zim.uni-passau.de\/unnahbar\/wp-content\/uploads\/sites\/8\/2021\/07\/Lena-Langecker-18x18.png","44":"https:\/\/wp.zim.uni-passau.de\/unnahbar\/wp-content\/uploads\/sites\/8\/2021\/07\/Lena-Langecker-44x44.png","22":"https:\/\/wp.zim.uni-passau.de\/unnahbar\/wp-content\/uploads\/sites\/8\/2021\/07\/Lena-Langecker-22x22.png","32":"https:\/\/wp.zim.uni-passau.de\/unnahbar\/wp-content\/uploads\/sites\/8\/2021\/07\/Lena-Langecker-32x32.png"},"acf":[],"_links":{"self":[{"href":"https:\/\/wp.zim.uni-passau.de\/unnahbar\/wp-json\/wp\/v2\/users\/424","targetHints":{"allow":["GET"]}}],"collection":[{"href":"https:\/\/wp.zim.uni-passau.de\/unnahbar\/wp-json\/wp\/v2\/users"}]}}