{"id":82,"date":"2020-07-16T12:06:58","date_gmt":"2020-07-16T10:06:58","guid":{"rendered":"https:\/\/wp.zim.uni-passau.de\/blutjung\/?p=82"},"modified":"2020-07-23T16:19:29","modified_gmt":"2020-07-23T14:19:29","slug":"inzest-strafbare-liebe","status":"publish","type":"post","link":"https:\/\/wp.zim.uni-passau.de\/blutjung\/2020\/07\/16\/inzest-strafbare-liebe\/","title":{"rendered":"Inzest &#8211; Strafbare Liebe?"},"content":{"rendered":"\n<p class=\"has-text-align-left\"><em>Patrick S. und Susan K. sind auf den ersten Blick ein ganz normales Liebespaar. Sie leben mit ihren vier Kindern in einer Wohnung in Sachsen, werfen sich verliebte Blicke zu und gehen zusammen mit Freunden aus. Eine Sache f\u00e4llt jedoch auf: Keiner der beiden tr\u00e4gt einen Ehering am Finger, die \u00c4hnlichkeit zueinander im Gesicht ist daf\u00fcr unverkennbar. Heiraten kommt f\u00fcr die beiden nicht in Frage &#8211; allerdings aus rein rechtlichen Gr\u00fcnden. Patrick und Susan sind Halbgeschwister.<\/em><\/p>\n\n\n\n<p>Romantische Gef\u00fchle haben innerhalb der Familie f\u00fcr die meisten wenig zu suchen. Und doch gibt es Menschen wie Patrick und Susan, bei denen die Liebe zu einem Familienmitglied \u00fcber eine famili\u00e4re Beziehung hinausgeht. Wenn Schwester und Bruder sich lieben, st\u00f6\u00dft das schnell auf gesellschaftliche Ablehnung. Auch rechtlich hatte die Beziehung der beiden Konsequenzen: Patrick sa\u00df f\u00fcr die Liebe zu seiner Halbschwester insgesamt \u00fcber drei Jahre im Gef\u00e4ngnis. Jedes der vier Kinder ist ein erneuter Beweis f\u00fcr ihre Tat.<\/p>\n\n\n\n<p>Denn: Inzest, ist in Deutschland illegal. Strafbar macht sich nach \u00a7 173 des Strafgesetzbuchs, wer den Beischlaf (vaginalen Geschlechtsverkehr) zwischen engen Verwandten &#8211; also aufsteigenden (Eltern), absteigenden (Kindern) oder Seiten- (Geschwistern) Linien &#8211;  vollzieht. Bestraft wird nur, wer das 18. Lebensjahr zum Zeitpunkt des Beischlafs erreicht hat. <\/p>\n\n\n\n<div class=\"alignnormal\"><div id=\"metaslider-id-43\" style=\"width: 100%;\" class=\"ml-slider-3-98-0 metaslider metaslider-nivo metaslider-43 ml-slider ms-theme-default\" role=\"region\" aria-roledescription=\"Slideshow\" aria-label=\"Inzest Fakten\" data-width=\"700\">\n    <div id=\"metaslider_container_43\">\n        <div class='slider-wrapper theme-default'><div class='ribbon'><\/div><div id='metaslider_43' class='nivoSlider'><img loading=\"lazy\" decoding=\"async\" src=\"https:\/\/wp.zim.uni-passau.de\/blutjung\/wp-content\/uploads\/sites\/11\/2020\/07\/Bild-.png\" height=\"300\" width=\"700\" title=\"Bild\" alt=\"\" class=\"slider-43 slide-1836\" \/><img loading=\"lazy\" decoding=\"async\" src=\"https:\/\/wp.zim.uni-passau.de\/blutjung\/wp-content\/uploads\/sites\/11\/2020\/07\/Group-Copy-6.png\" height=\"300\" width=\"700\" title=\"Group-Copy-6\" alt=\"\" class=\"slider-43 slide-74\" \/><img loading=\"lazy\" decoding=\"async\" src=\"https:\/\/wp.zim.uni-passau.de\/blutjung\/wp-content\/uploads\/sites\/11\/2020\/07\/Group-Copy-7.png\" height=\"300\" width=\"700\" title=\"Group-Copy-7\" alt=\"\" class=\"slider-43 slide-75\" \/><img loading=\"lazy\" decoding=\"async\" src=\"https:\/\/wp.zim.uni-passau.de\/blutjung\/wp-content\/uploads\/sites\/11\/2020\/07\/Group-Copy-8.png\" height=\"300\" width=\"700\" title=\"Group-Copy-8\" alt=\"\" class=\"slider-43 slide-76\" \/><img loading=\"lazy\" decoding=\"async\" src=\"https:\/\/wp.zim.uni-passau.de\/blutjung\/wp-content\/uploads\/sites\/11\/2020\/07\/Group-Copy-9.png\" height=\"300\" width=\"700\" title=\"Group-Copy-9\" alt=\"\" class=\"slider-43 slide-439\" \/><\/div><\/div>\n        \n    <\/div>\n<\/div><\/div>\n\n\n\n<p>Im Fall von Patrick und Susan musste nur der vollj\u00e4hrige Patrick eine Strafe verb\u00fc\u00dfen, seine Halbschwester war zu Beginn der Beziehung erst 16 Jahre alt. Sp\u00e4ter hielten die Gerichte sie wegen einer leichten geistigen Behinderung und einer \u201eabh\u00e4ngigen Pers\u00f6nlichkeitsstruktur\u201c f\u00fcr schuldunf\u00e4hig. Anders h\u00e4tte die Beziehung der beiden dagegen in vielen Nachbarl\u00e4ndern aussehen k\u00f6nnen.&nbsp; In Frankreich wurde Inzest bereits im Zuge der Aufkl\u00e4rung 1810 f\u00fcr straffrei erkl\u00e4rt. Viele weitere L\u00e4nder folgten. Die untenstehende Grafik zeigt, wie unterschiedlich die Rechtslage zum Thema Inzest in Europa ist.<\/p>\n\n\n\n<div class=\"h5p-iframe-wrapper\"><iframe id=\"h5p-iframe-1\" class=\"h5p-iframe\" data-content-id=\"1\" style=\"height:1px\" src=\"about:blank\" frameBorder=\"0\" scrolling=\"no\" title=\"\u00dcbersicht zu den Inzestgesetzen in Europa\"><\/iframe><\/div>\n\n\n\n<p><\/p>\n\n\n\n<p>Wieso kann das Gesetz zwei erwachsenen Menschen vorschreiben, wen sie zu lieben haben und wen nicht? Ist ein solches Gesetz in Zeiten, in denen die sexuelle Selbstbestimmung weitestgehend Privatsache ist, noch zeitgem\u00e4\u00df? \u00dcber sieben Jahre lang versuchte das Geschwisterpaar diese Fragen zu kl\u00e4ren, zuletzt vor dem europ\u00e4ischen Gerichtshof f\u00fcr Menschenrechte.&nbsp; Die Klage der beiden, dass der Inzestparagraf eine Verletzung des Rechts auf Achtung des Privat- und Familienlebens darstelle, wurde einstimmig abgelehnt: \u201eDas Verbot der Geschwisterliebe verst\u00f6\u00dft gegen keine Menschenrechte\u201c, hie\u00df es von Seiten des Gerichtshofs. Das Gesetz diene in erster Linie dem Schutze des Kindeswohls, denn bei inzestu\u00f6sen Beziehungen steigt die Gefahr f\u00fcr Erbkrankheiten aufgrund einer unzureichenden Vermischung von Genen erheblich an. Auch zwei der vier Kinder von Patrick und Susan haben eine Behinderung.&nbsp; Neben dem Kindeswohl sehen viele Expert*innen auch die festgelegte Ordnung innerhalb einer Familie durch inzestu\u00f6se Handlungen gef\u00e4hrdet.<\/p>\n\n\n\n<h3 class=\"wp-block-heading\">Inzest bleibt ein kontroverses Thema<\/h3>\n\n\n\n<p>Der Fall von Patrick und Susan liegt bereits acht Jahre zur\u00fcck, doch er sorgt bis heute f\u00fcr Diskussionen. \u201eErw\u00e4gungen, die auf eine m\u00f6gliche erh\u00f6hte Erberkrankung abzielen, haben schon nach unserem heutigen Grundrechtsverst\u00e4ndnis keine Rolle zu spielen\u201c, meint Tommy Kujus, Anwalt aus Leipzig. Er hat bereits mehrfach einvernehmliche Inzestf\u00e4lle zwischen Geschwistern vor Gericht vertreten. Eine Strafbarkeit h\u00e4lt er pers\u00f6nlich in diesem Bereich f\u00fcr wenig sinnvoll.<\/p>\n\n\n\n<p>Auch der deutsche Ethikrat sprach sich 2014 nach der Entscheidung des europ\u00e4ischen Gerichtshofs f\u00fcr Menschenrechte gegen den Fortbestand eines Gesetzes aus, das den einvernehmlichen Beischlaf unter Geschwistern unter Strafe stellt.<\/p>\n\n\n\n<div class=\"wp-block-media-text alignwide has-media-on-the-right is-stacked-on-mobile\"><figure class=\"wp-block-media-text__media\"><img loading=\"lazy\" decoding=\"async\" width=\"1024\" height=\"683\" src=\"https:\/\/wp.zim.uni-passau.de\/blutjung\/wp-content\/uploads\/sites\/11\/2020\/07\/joshua-reddekopp-qLFJKFBppPM-unsplash-1024x683.jpg\" alt=\"\" class=\"wp-image-367\" srcset=\"https:\/\/wp.zim.uni-passau.de\/blutjung\/wp-content\/uploads\/sites\/11\/2020\/07\/joshua-reddekopp-qLFJKFBppPM-unsplash-1024x683.jpg 1024w, https:\/\/wp.zim.uni-passau.de\/blutjung\/wp-content\/uploads\/sites\/11\/2020\/07\/joshua-reddekopp-qLFJKFBppPM-unsplash-300x200.jpg 300w, https:\/\/wp.zim.uni-passau.de\/blutjung\/wp-content\/uploads\/sites\/11\/2020\/07\/joshua-reddekopp-qLFJKFBppPM-unsplash-768x512.jpg 768w, https:\/\/wp.zim.uni-passau.de\/blutjung\/wp-content\/uploads\/sites\/11\/2020\/07\/joshua-reddekopp-qLFJKFBppPM-unsplash-1536x1024.jpg 1536w, https:\/\/wp.zim.uni-passau.de\/blutjung\/wp-content\/uploads\/sites\/11\/2020\/07\/joshua-reddekopp-qLFJKFBppPM-unsplash-2048x1365.jpg 2048w, https:\/\/wp.zim.uni-passau.de\/blutjung\/wp-content\/uploads\/sites\/11\/2020\/07\/joshua-reddekopp-qLFJKFBppPM-unsplash-1400x933.jpg 1400w, https:\/\/wp.zim.uni-passau.de\/blutjung\/wp-content\/uploads\/sites\/11\/2020\/07\/joshua-reddekopp-qLFJKFBppPM-unsplash-1250x833.jpg 1250w, https:\/\/wp.zim.uni-passau.de\/blutjung\/wp-content\/uploads\/sites\/11\/2020\/07\/joshua-reddekopp-qLFJKFBppPM-unsplash-400x267.jpg 400w\" sizes=\"auto, (max-width: 1024px) 100vw, 1024px\" \/><\/figure><div class=\"wp-block-media-text__content\">\n<blockquote class=\"wp-block-quote is-layout-flow wp-block-quote-is-layout-flow\"><p>\u201eDas Risiko der Zeugung eines genetisch gesch\u00e4digten Kindes [\u2026] ist zwar von ethischer Relevanz, aber es l\u00e4sst sich aus diesem Umstand kein triftiges Argument gegen einvernehmliche Inzesthandlungen ableiten.\u201c,<\/p><\/blockquote>\n<\/div><\/div>\n\n\n\n<p>erkl\u00e4rte das Gremium in seiner<a href=\"https:\/\/www.ethikrat.org\/fileadmin\/Publikationen\/Stellungnahmen\/deutsch\/stellungnahme-inzestverbot.pdf\" target=\"_blank\" rel=\"noreferrer noopener\"> Stellungnahme<\/a>. Dies gelte besonders vor dem Hintergrund, dass f\u00fcr andere Paare, bei denen ein erh\u00f6htes Risiko f\u00fcr Erbkrankheiten besteht &#8211; etwa Personen mit Behinderung oder Frauen \u00fcber 45 &#8211; keineswegs ein Zeugungsverbot ausgesprochen oder erwogen werden d\u00fcrfte.<\/p>\n\n\n\n<p>W\u00fcrde es jedoch nach Ulrike M. Dierkes gehen, w\u00e4re Inzest \u00fcberall in Europa verboten. Sie wurde als Kind einer Vater-Tochter-Vergewaltigung geboren und leitet seit 20 Jahren den Verein <a rel=\"noreferrer noopener\" href=\"https:\/\/www.melinaev.de\/startseite\/home....\/\" target=\"_blank\">Melina e.V<\/a>. f\u00fcr Inzestkinder und Kinder aus Vergewaltigungen. Ihre pers\u00f6nliche Geschichte und die Erfahrungen anderer Betroffener teilt sie in der Podcastfolge zu diesem Projekt.<\/p>\n\n\n\n<figure class=\"wp-block-embed-spotify wp-block-embed is-type-rich is-provider-spotify wp-embed-aspect-21-9 wp-has-aspect-ratio\"><div class=\"wp-block-embed__wrapper\">\n<iframe loading=\"lazy\" title=\"Spotify Embed: Wenn die Mutter gleichzeitig die Schwester ist - Gespr\u00e4ch mit einem Inzestkind\" width=\"100%\" height=\"232\" allowtransparency=\"true\" frameborder=\"0\" allow=\"encrypted-media\" src=\"https:\/\/open.spotify.com\/embed-podcast\/episode\/6i9wi2oDvvwo5ARHDBe7oI\"><\/iframe>\n<\/div><\/figure>\n\n\n\n<p> \u201eIch bin zum Gl\u00fcck unversehrt auf die Welt gekommen, aber andere Betroffene, die ich kennenlernen durfte, haben teilweise multiple Sch\u00e4den. Die leiden ihr ganzes Leben darunter.\u201c Aus ihrer Sicht ist Inzest au\u00dferdem ein Eingriff in Naturgesetze:<\/p>\n\n\n\n<div class=\"wp-block-media-text alignwide is-stacked-on-mobile\"><figure class=\"wp-block-media-text__media\"><img loading=\"lazy\" decoding=\"async\" width=\"1024\" height=\"683\" src=\"https:\/\/wp.zim.uni-passau.de\/blutjung\/wp-content\/uploads\/sites\/11\/2020\/07\/tyler-nix-V3dHmb1MOXM-unsplash-1024x683.jpg\" alt=\"\" class=\"wp-image-370\" srcset=\"https:\/\/wp.zim.uni-passau.de\/blutjung\/wp-content\/uploads\/sites\/11\/2020\/07\/tyler-nix-V3dHmb1MOXM-unsplash-1024x683.jpg 1024w, https:\/\/wp.zim.uni-passau.de\/blutjung\/wp-content\/uploads\/sites\/11\/2020\/07\/tyler-nix-V3dHmb1MOXM-unsplash-300x200.jpg 300w, https:\/\/wp.zim.uni-passau.de\/blutjung\/wp-content\/uploads\/sites\/11\/2020\/07\/tyler-nix-V3dHmb1MOXM-unsplash-768x512.jpg 768w, https:\/\/wp.zim.uni-passau.de\/blutjung\/wp-content\/uploads\/sites\/11\/2020\/07\/tyler-nix-V3dHmb1MOXM-unsplash-1536x1024.jpg 1536w, https:\/\/wp.zim.uni-passau.de\/blutjung\/wp-content\/uploads\/sites\/11\/2020\/07\/tyler-nix-V3dHmb1MOXM-unsplash-2048x1365.jpg 2048w, https:\/\/wp.zim.uni-passau.de\/blutjung\/wp-content\/uploads\/sites\/11\/2020\/07\/tyler-nix-V3dHmb1MOXM-unsplash-1400x933.jpg 1400w, https:\/\/wp.zim.uni-passau.de\/blutjung\/wp-content\/uploads\/sites\/11\/2020\/07\/tyler-nix-V3dHmb1MOXM-unsplash-1250x833.jpg 1250w, https:\/\/wp.zim.uni-passau.de\/blutjung\/wp-content\/uploads\/sites\/11\/2020\/07\/tyler-nix-V3dHmb1MOXM-unsplash-400x267.jpg 400w\" sizes=\"auto, (max-width: 1024px) 100vw, 1024px\" \/><\/figure><div class=\"wp-block-media-text__content\">\n<blockquote class=\"wp-block-quote is-layout-flow wp-block-quote-is-layout-flow\"><p>\u201eDie Natur hat jedem Familienmitglied eine klare Rolle zugewiesen. Diese nat\u00fcrliche Ordnung eigenm\u00e4chtig zu ver\u00e4ndern steht uns nicht zu und tut uns auch nicht gut.&#8220;<\/p><\/blockquote>\n<\/div><\/div>\n\n\n\n<p>Auch der deutsche Ethikrat sieht in der Aufrechterhaltung der bestehenden, famili\u00e4ren Ordnung ein Argument f\u00fcr das Inzestverbot. Eine Eltern-Kind-Beziehung k\u00f6nne durchaus dazu f\u00fchren, dass Familienmitglieder aus ihrer genuinen Rolle innerhalb der Familie verdr\u00e4ngt werden. Allerdings treffe das nicht zu, wenn es sich bei den Betroffenen um erwachsene (Halb-)Geschwister handelt: \u201eEinvernehmliche inzestu\u00f6se Beziehungen zwischen Geschwistern tasten die Rollen im famili\u00e4ren Zusammenleben nicht in einer Weise an, die nachvollziehbare Bed\u00fcrfnisse der Familienmitglieder verletzt, wenn kein tats\u00e4chlich gelebter Familienverbund besteht.\u201c<\/p>\n\n\n\n<p>Laut eigener Aussage liegen dem Ethikrat nur F\u00e4lle von Inzest vor, in denen Betroffene sich erst im Erwachsenenalter als Halbgeschwister kennengelernt haben. W\u00e4re eine Differenzierung des Gesetzes in einem solchen Fall also sinnvoll?<\/p>\n\n\n\n<h3 class=\"wp-block-heading\">Strafrecht oder Moralrecht?<\/h3>\n\n\n\n<p>Tommy Kujus steht dem Inzest Paragrafen prinzipiell zwiegespalten gegen\u00fcber: \u201eDiskutabel w\u00e4re gegebenenfalls der Umstand, dass familienrechtliche und gesellschaftliche Wirrungen vermieden werden sollen. Ob dies allerdings mit den Mitteln des Strafrechts, welches stets das letzte Mittel des Staates ist, auf ein Fehlverhalten seiner B\u00fcrger zu reagieren, sein muss, halte ich f\u00fcr fraglich.\u201c<\/p>\n\n\n\n<p>Doris Bertels* sieht das \u00e4hnlich: <\/p>\n\n\n\n<div class=\"wp-block-media-text alignwide has-media-on-the-right is-stacked-on-mobile\"><figure class=\"wp-block-media-text__media\"><img loading=\"lazy\" decoding=\"async\" width=\"1024\" height=\"683\" src=\"https:\/\/wp.zim.uni-passau.de\/blutjung\/wp-content\/uploads\/sites\/11\/2020\/07\/andrik-langfield-WcnEE2kc20E-unsplash-1024x683.jpg\" alt=\"\" class=\"wp-image-333\" srcset=\"https:\/\/wp.zim.uni-passau.de\/blutjung\/wp-content\/uploads\/sites\/11\/2020\/07\/andrik-langfield-WcnEE2kc20E-unsplash-1024x683.jpg 1024w, https:\/\/wp.zim.uni-passau.de\/blutjung\/wp-content\/uploads\/sites\/11\/2020\/07\/andrik-langfield-WcnEE2kc20E-unsplash-300x200.jpg 300w, https:\/\/wp.zim.uni-passau.de\/blutjung\/wp-content\/uploads\/sites\/11\/2020\/07\/andrik-langfield-WcnEE2kc20E-unsplash-768x512.jpg 768w, https:\/\/wp.zim.uni-passau.de\/blutjung\/wp-content\/uploads\/sites\/11\/2020\/07\/andrik-langfield-WcnEE2kc20E-unsplash-1536x1024.jpg 1536w, https:\/\/wp.zim.uni-passau.de\/blutjung\/wp-content\/uploads\/sites\/11\/2020\/07\/andrik-langfield-WcnEE2kc20E-unsplash-2048x1365.jpg 2048w, https:\/\/wp.zim.uni-passau.de\/blutjung\/wp-content\/uploads\/sites\/11\/2020\/07\/andrik-langfield-WcnEE2kc20E-unsplash-1400x933.jpg 1400w, https:\/\/wp.zim.uni-passau.de\/blutjung\/wp-content\/uploads\/sites\/11\/2020\/07\/andrik-langfield-WcnEE2kc20E-unsplash-1250x833.jpg 1250w, https:\/\/wp.zim.uni-passau.de\/blutjung\/wp-content\/uploads\/sites\/11\/2020\/07\/andrik-langfield-WcnEE2kc20E-unsplash-400x267.jpg 400w\" sizes=\"auto, (max-width: 1024px) 100vw, 1024px\" \/><\/figure><div class=\"wp-block-media-text__content\">\n<blockquote class=\"wp-block-quote is-layout-flow wp-block-quote-is-layout-flow\"><p>\u201eIch bin der Meinung, dass so etwas den beteiligten Menschen \u00fcberlassen werden muss. Es muss einfach im gegenseitigen Einverst\u00e4ndnis geschehen.\u201c<\/p><\/blockquote>\n<\/div><\/div>\n\n\n\n<p>Bertels f\u00fchrte \u00fcber 30 Jahre lang eine Beziehung mit ihrem zehn Jahre \u00e4lteren Bruder. Im Alter von 13 Jahren initiierte sie die Beziehung. \u201eIch f\u00fchlte mich wie im siebten Himmel und wahrte das Geheimnis total. Ich war gl\u00fccklich und stolz, so etwas zu erleben\u201c, berichtet sie von ihren damaligen Gef\u00fchlen. Erst sp\u00e4ter erfuhr sie, dass ihr Bruder auch eine Beziehung mit ihrer Cousine und ihrer Schwester f\u00fchrte. Der Ordnung der Familie haben die inzestu\u00f6sen Handlungen ihrer Meinung nach trotzdem nicht geschadet: \u201eDie Beziehung unter uns Geschwistern ist v\u00f6llig intakt. Alle sind verheiratet und haben eigene erwachsene Kinder.\u201c Auch das Verh\u00e4ltnis zu ihrem Bruder ist bis heute sehr gut. Auf Familienfeiern reden die beiden regelm\u00e4\u00dfig \u00fcber alten Zeiten. Auf die Frage, wie sie sich w\u00fcnscht, dass mit dem Thema Inzest in Zukunft in der Gesellschaft umgegangen wird, antwortet sie: \u201eMit mehr Toleranz. Alle sollten tun d\u00fcrfen, was ihnen gef\u00e4llt, aber es muss beiden gefallen.\u201c<\/p>\n\n\n\n<h3 class=\"wp-block-heading\">Liebe oder Manipulation?<\/h3>\n\n\n\n<p>Genau in der Bestimmung dieser beidseitigen Einvernehmlichkeit sieht Ulrike M. Dierkes, Vorsitzende des Vereins Melina e.V., ein gro\u00dfes Problem. Denn schlie\u00dflich muss nicht jede Inzestbeziehung so positiv verlaufen wie die von Doris Bertels und ihrem Bruder. \u201eMir liegen keine Gl\u00fccksberichte vor. Selbst in F\u00e4llen die mit sogenannter Bruder-Schwester-Liebe begannen oder so deklariert wurden, hat sich sp\u00e4ter herausgestellt, dass doch eine Form von Manipulation oder Gewalt eine Rolle gespielt hat\u201c, berichtet sie aus den Gespr\u00e4chen mit Betroffenen.<\/p>\n\n\n\n<p>Parallelen dazu gab es auch im Fall von Patrick und Susan. Patrick wurde vor der Geburt seines dritten Kindes zus\u00e4tzlich wegen vors\u00e4tzlicher K\u00f6rperverletzung gegen\u00fcber Susan verurteilt. Ob Macht oder subtiler Zwang bei vermeintlich freiwilligen inzestu\u00f6sen Handlungen eine Rolle spielen, kommt vermutlich auf den Einzelfall an. Laut Aussage der Verfassungsrichter des Bundesverfassungsgerichts bestehe bei Geschwisterinzest allerdings h\u00e4ufig ein erheblicher Altersunterschied, der zu einem Abh\u00e4ngigkeitsverh\u00e4ltnis und somit zu einer Duldung des Geschlechtsverkehrs f\u00fchren k\u00f6nne. Ohne den Inzestparagrafen w\u00e4ren die Betroffenen auf Dauer schutzlos.<\/p>\n\n\n\n<p>Eine M\u00f6glichkeit gibt es trotzdem, wie man auf Dauer sowohl freiwilligen als auch unfreiwilligen Inzestbetroffenen helfen kann: \u201eIch finde es sehr wichtig, dass man immer wieder in einen Dialog miteinander eintritt\u201c, schildert Ulrike M. Dierkes ihren Wunsch, wie das Thema Inzest in Zukunft in der Gesellschaft behandelt werden solle.<\/p>\n\n\n\n<hr class=\"wp-block-separator\" \/>\n\n\n\n<p>*Der Name wurde von der Autorin ge\u00e4ndert<\/p>\n<script language='javascript' type='text\/javascript'>function getWR360PopupSkin(){return 'light_clean';}<\/script>","protected":false},"excerpt":{"rendered":"<p>Wenn Bruder und Schwester sich lieben, st\u00f6\u00dft das schnell auf gesellschaftliche Ablehnung. Aber ist ein Gesetz, das erwachsenen Menschen vorschreibt, wen sie zu lieben haben und wen nicht, noch zeitgem\u00e4\u00df?<\/p>\n","protected":false},"author":286,"featured_media":2020,"comment_status":"closed","ping_status":"open","sticky":false,"template":"","format":"standard","meta":{"_uag_custom_page_level_css":"","footnotes":""},"categories":[7],"tags":[],"class_list":["post-82","post","type-post","status-publish","format-standard","has-post-thumbnail","hentry","category-gesellschaft"],"pbg_featured_image_src":{"full":["https:\/\/wp.zim.uni-passau.de\/blutjung\/wp-content\/uploads\/sites\/11\/2020\/07\/Group.png",11720,3840,false],"thumbnail":["https:\/\/wp.zim.uni-passau.de\/blutjung\/wp-content\/uploads\/sites\/11\/2020\/07\/Group-150x150.png",150,150,true],"medium":["https:\/\/wp.zim.uni-passau.de\/blutjung\/wp-content\/uploads\/sites\/11\/2020\/07\/Group-300x98.png",300,98,true],"medium_large":["https:\/\/wp.zim.uni-passau.de\/blutjung\/wp-content\/uploads\/sites\/11\/2020\/07\/Group-768x252.png",768,252,true],"large":["https:\/\/wp.zim.uni-passau.de\/blutjung\/wp-content\/uploads\/sites\/11\/2020\/07\/Group-1024x336.png",960,315,true],"1536x1536":["https:\/\/wp.zim.uni-passau.de\/blutjung\/wp-content\/uploads\/sites\/11\/2020\/07\/Group-1536x503.png",1536,503,true],"2048x2048":["https:\/\/wp.zim.uni-passau.de\/blutjung\/wp-content\/uploads\/sites\/11\/2020\/07\/Group-2048x671.png",2048,671,true],"quadro-sq-thumb":["https:\/\/wp.zim.uni-passau.de\/blutjung\/wp-content\/uploads\/sites\/11\/2020\/07\/Group-700x700.png",700,700,true],"quadro-med-thumb":["https:\/\/wp.zim.uni-passau.de\/blutjung\/wp-content\/uploads\/sites\/11\/2020\/07\/Group-700x507.png",700,507,true],"quadro-full-thumb":["https:\/\/wp.zim.uni-passau.de\/blutjung\/wp-content\/uploads\/sites\/11\/2020\/07\/Group-1400x459.png",1400,459,true]},"pbg_author_info":{"display_name":"Bianca Busch","author_link":"https:\/\/wp.zim.uni-passau.de\/blutjung\/author\/busch14\/","author_img":"<img alt='Bianca Busch' src='https:\/\/secure.gravatar.com\/avatar\/46bad5c2c00bc2ec766dd81bdc5d254b1ee09de2f5ea16e02e0db08e03a5ccad?s=128&#038;d=mm&#038;r=g' srcset='https:\/\/secure.gravatar.com\/avatar\/46bad5c2c00bc2ec766dd81bdc5d254b1ee09de2f5ea16e02e0db08e03a5ccad?s=256&#038;d=mm&#038;r=g 2x' class='avatar avatar-128 photo' height='128' width='128' loading='lazy' decoding='async'\/>"},"pbg_comment_info":" No Comments","pbg_excerpt":"Wenn Bruder und Schwester sich lieben, st\u00f6\u00dft das schnell auf gesellschaftliche Ablehnung. Aber ist ein Gesetz, das erwachsenen Menschen vorschreibt, wen sie zu lieben haben und wen nicht, noch zeitgem\u00e4\u00df?","uagb_featured_image_src":{"full":["https:\/\/wp.zim.uni-passau.de\/blutjung\/wp-content\/uploads\/sites\/11\/2020\/07\/Group.png",11720,3840,false],"thumbnail":["https:\/\/wp.zim.uni-passau.de\/blutjung\/wp-content\/uploads\/sites\/11\/2020\/07\/Group-150x150.png",150,150,true],"medium":["https:\/\/wp.zim.uni-passau.de\/blutjung\/wp-content\/uploads\/sites\/11\/2020\/07\/Group-300x98.png",300,98,true],"medium_large":["https:\/\/wp.zim.uni-passau.de\/blutjung\/wp-content\/uploads\/sites\/11\/2020\/07\/Group-768x252.png",768,252,true],"large":["https:\/\/wp.zim.uni-passau.de\/blutjung\/wp-content\/uploads\/sites\/11\/2020\/07\/Group-1024x336.png",960,315,true],"1536x1536":["https:\/\/wp.zim.uni-passau.de\/blutjung\/wp-content\/uploads\/sites\/11\/2020\/07\/Group-1536x503.png",1536,503,true],"2048x2048":["https:\/\/wp.zim.uni-passau.de\/blutjung\/wp-content\/uploads\/sites\/11\/2020\/07\/Group-2048x671.png",2048,671,true],"quadro-sq-thumb":["https:\/\/wp.zim.uni-passau.de\/blutjung\/wp-content\/uploads\/sites\/11\/2020\/07\/Group-700x700.png",700,700,true],"quadro-med-thumb":["https:\/\/wp.zim.uni-passau.de\/blutjung\/wp-content\/uploads\/sites\/11\/2020\/07\/Group-700x507.png",700,507,true],"quadro-full-thumb":["https:\/\/wp.zim.uni-passau.de\/blutjung\/wp-content\/uploads\/sites\/11\/2020\/07\/Group-1400x459.png",1400,459,true]},"uagb_author_info":{"display_name":"Bianca Busch","author_link":"https:\/\/wp.zim.uni-passau.de\/blutjung\/author\/busch14\/"},"uagb_comment_info":0,"uagb_excerpt":"Wenn Bruder und Schwester sich lieben, st\u00f6\u00dft das schnell auf gesellschaftliche Ablehnung. Aber ist ein Gesetz, das erwachsenen Menschen vorschreibt, wen sie zu lieben haben und wen nicht, noch zeitgem\u00e4\u00df?","_links":{"self":[{"href":"https:\/\/wp.zim.uni-passau.de\/blutjung\/wp-json\/wp\/v2\/posts\/82","targetHints":{"allow":["GET"]}}],"collection":[{"href":"https:\/\/wp.zim.uni-passau.de\/blutjung\/wp-json\/wp\/v2\/posts"}],"about":[{"href":"https:\/\/wp.zim.uni-passau.de\/blutjung\/wp-json\/wp\/v2\/types\/post"}],"author":[{"embeddable":true,"href":"https:\/\/wp.zim.uni-passau.de\/blutjung\/wp-json\/wp\/v2\/users\/286"}],"replies":[{"embeddable":true,"href":"https:\/\/wp.zim.uni-passau.de\/blutjung\/wp-json\/wp\/v2\/comments?post=82"}],"version-history":[{"count":67,"href":"https:\/\/wp.zim.uni-passau.de\/blutjung\/wp-json\/wp\/v2\/posts\/82\/revisions"}],"predecessor-version":[{"id":2553,"href":"https:\/\/wp.zim.uni-passau.de\/blutjung\/wp-json\/wp\/v2\/posts\/82\/revisions\/2553"}],"wp:featuredmedia":[{"embeddable":true,"href":"https:\/\/wp.zim.uni-passau.de\/blutjung\/wp-json\/wp\/v2\/media\/2020"}],"wp:attachment":[{"href":"https:\/\/wp.zim.uni-passau.de\/blutjung\/wp-json\/wp\/v2\/media?parent=82"}],"wp:term":[{"taxonomy":"category","embeddable":true,"href":"https:\/\/wp.zim.uni-passau.de\/blutjung\/wp-json\/wp\/v2\/categories?post=82"},{"taxonomy":"post_tag","embeddable":true,"href":"https:\/\/wp.zim.uni-passau.de\/blutjung\/wp-json\/wp\/v2\/tags?post=82"}],"curies":[{"name":"wp","href":"https:\/\/api.w.org\/{rel}","templated":true}]}}